{"id":4675,"date":"2019-03-12T14:26:03","date_gmt":"2019-03-12T14:26:03","guid":{"rendered":"https:\/\/cloynens.com\/?p=4675"},"modified":"2019-03-12T14:28:13","modified_gmt":"2019-03-12T14:28:13","slug":"la-glas-an-ceili-mor","status":"publish","type":"post","link":"http:\/\/cloynens.com\/index.php\/2019\/03\/12\/la-glas-an-ceili-mor\/","title":{"rendered":"L\u00e0 Glas &#8211; An C\u00e8il\u00ec M\u00f2r"},"content":{"rendered":"<p>Bh\u00ed an t-\u00e1dh linn leis an aimsir inn\u00e9, d\u2019\u00e9irigh linn \u201cAn C\u00e9il\u00ed M\u00f3r\u201d a cheili\u00faradh amuigh sa chl\u00f3s. M\u00edle bu\u00edochas do Michael Cahill Keniry Cahill Academy of Irish Dance agus na rinceoir\u00ed, na ceolt\u00f3ir\u00ed, Jason Perry, Mike Greaney agus John Croinin, an amhr\u00e1na\u00ed Ms Quaid agus \u00e1r Fear an t\u00ed Mr. Quinlan, bh\u00ed sibh ar fheabhas! Bh\u00ed craic agus spraoi ag na p\u00e1ist\u00ed!<\/p>\n<p>Check out the photos <a href=\"https:\/\/cloynens.com\/index.php\/school-activitiesnews\/gaelbhratach\/seachtain-na-gaeilge-2019\/\">here<\/a>! <a href=\"http:\/\/cloynens.com\/wp-content\/uploads\/2019\/03\/DSCF9264.jpg\"><img decoding=\"async\" class=\"aligncenter size-medium wp-image-4635\" src=\"http:\/\/cloynens.com\/wp-content\/uploads\/2019\/03\/DSCF9264-300x225.jpg\" alt=\"\" width=\"300\" height=\"225\" srcset=\"http:\/\/cloynens.com\/wp-content\/uploads\/2019\/03\/DSCF9264-300x225.jpg 300w, http:\/\/cloynens.com\/wp-content\/uploads\/2019\/03\/DSCF9264-768x576.jpg 768w, http:\/\/cloynens.com\/wp-content\/uploads\/2019\/03\/DSCF9264-1024x768.jpg 1024w\" sizes=\"(max-width: 300px) 100vw, 300px\" \/><\/a><\/p>\n","protected":false},"excerpt":{"rendered":"<p>Bh\u00ed an t-\u00e1dh linn leis an aimsir inn\u00e9, d\u2019\u00e9irigh linn \u201cAn C\u00e9il\u00ed M\u00f3r\u201d a cheili\u00faradh amuigh sa chl\u00f3s. M\u00edle bu\u00edochas &hellip; <\/p>\n","protected":false},"author":1,"featured_media":0,"comment_status":"closed","ping_status":"open","sticky":false,"template":"","format":"standard","meta":{"__cvm_playback_settings":[],"__cvm_video_id":""},"categories":[1],"tags":[],"yoast_head":"<!-- This site is optimized with the Yoast SEO plugin v19.12 - https:\/\/yoast.com\/wordpress\/plugins\/seo\/ -->\n<title>L\u00e0 Glas - An C\u00e8il\u00ec M\u00f2r - St. Colman&#039;s National School<\/title>\n<meta name=\"robots\" content=\"index, follow, max-snippet:-1, max-image-preview:large, max-video-preview:-1\" \/>\n<link rel=\"canonical\" href=\"http:\/\/cloynens.com\/index.php\/2019\/03\/12\/la-glas-an-ceili-mor\/\" \/>\n<meta property=\"og:locale\" content=\"en_GB\" \/>\n<meta property=\"og:type\" content=\"article\" \/>\n<meta property=\"og:title\" content=\"L\u00e0 Glas - An C\u00e8il\u00ec M\u00f2r - St. Colman&#039;s National School\" \/>\n<meta property=\"og:description\" content=\"Bh\u00ed an t-\u00e1dh linn leis an aimsir inn\u00e9, d\u2019\u00e9irigh linn \u201cAn C\u00e9il\u00ed M\u00f3r\u201d a cheili\u00faradh amuigh sa chl\u00f3s. M\u00edle bu\u00edochas &hellip;\" \/>\n<meta property=\"og:url\" content=\"http:\/\/cloynens.com\/index.php\/2019\/03\/12\/la-glas-an-ceili-mor\/\" \/>\n<meta property=\"og:site_name\" content=\"St. Colman&#039;s National School\" \/>\n<meta property=\"article:publisher\" content=\"https:\/\/www.facebook.com\/stcolmanscloyne\" \/>\n<meta property=\"article:published_time\" content=\"2019-03-12T14:26:03+00:00\" \/>\n<meta property=\"article:modified_time\" content=\"2019-03-12T14:28:13+00:00\" \/>\n<meta property=\"og:image\" content=\"http:\/\/cloynens.com\/wp-content\/uploads\/2019\/03\/DSCF9264-300x225.jpg\" \/>\n<meta name=\"author\" content=\"cloynens_wp\" \/>\n<meta name=\"twitter:card\" content=\"summary_large_image\" \/>\n<meta name=\"twitter:creator\" content=\"@stcolmanscloyne\" \/>\n<meta name=\"twitter:site\" content=\"@stcolmanscloyne\" \/>\n<meta name=\"twitter:label1\" content=\"Written by\" \/>\n\t<meta name=\"twitter:data1\" content=\"cloynens_wp\" \/>\n<script type=\"application\/ld+json\" class=\"yoast-schema-graph\">{\"@context\":\"https:\/\/schema.org\",\"@graph\":[{\"@type\":\"Article\",\"@id\":\"http:\/\/cloynens.com\/index.php\/2019\/03\/12\/la-glas-an-ceili-mor\/#article\",\"isPartOf\":{\"@id\":\"http:\/\/cloynens.com\/index.php\/2019\/03\/12\/la-glas-an-ceili-mor\/\"},\"author\":{\"name\":\"cloynens_wp\",\"@id\":\"http:\/\/cloynens.com\/#\/schema\/person\/5c7b4166d0fbed3c378cf70c9e82cf11\"},\"headline\":\"L\u00e0 Glas &#8211; An C\u00e8il\u00ec M\u00f2r\",\"datePublished\":\"2019-03-12T14:26:03+00:00\",\"dateModified\":\"2019-03-12T14:28:13+00:00\",\"mainEntityOfPage\":{\"@id\":\"http:\/\/cloynens.com\/index.php\/2019\/03\/12\/la-glas-an-ceili-mor\/\"},\"wordCount\":87,\"publisher\":{\"@id\":\"http:\/\/cloynens.com\/#organization\"},\"articleSection\":[\"Recent School News\"],\"inLanguage\":\"en-GB\"},{\"@type\":\"WebPage\",\"@id\":\"http:\/\/cloynens.com\/index.php\/2019\/03\/12\/la-glas-an-ceili-mor\/\",\"url\":\"http:\/\/cloynens.com\/index.php\/2019\/03\/12\/la-glas-an-ceili-mor\/\",\"name\":\"L\u00e0 Glas - An C\u00e8il\u00ec M\u00f2r - St. Colman&#039;s National School\",\"isPartOf\":{\"@id\":\"http:\/\/cloynens.com\/#website\"},\"datePublished\":\"2019-03-12T14:26:03+00:00\",\"dateModified\":\"2019-03-12T14:28:13+00:00\",\"breadcrumb\":{\"@id\":\"http:\/\/cloynens.com\/index.php\/2019\/03\/12\/la-glas-an-ceili-mor\/#breadcrumb\"},\"inLanguage\":\"en-GB\",\"potentialAction\":[{\"@type\":\"ReadAction\",\"target\":[\"http:\/\/cloynens.com\/index.php\/2019\/03\/12\/la-glas-an-ceili-mor\/\"]}]},{\"@type\":\"BreadcrumbList\",\"@id\":\"http:\/\/cloynens.com\/index.php\/2019\/03\/12\/la-glas-an-ceili-mor\/#breadcrumb\",\"itemListElement\":[{\"@type\":\"ListItem\",\"position\":1,\"name\":\"Home\",\"item\":\"http:\/\/cloynens.com\/\"},{\"@type\":\"ListItem\",\"position\":2,\"name\":\"L\u00e0 Glas &#8211; An C\u00e8il\u00ec M\u00f2r\"}]},{\"@type\":\"WebSite\",\"@id\":\"http:\/\/cloynens.com\/#website\",\"url\":\"http:\/\/cloynens.com\/\",\"name\":\"St. Colman&#039;s National School\",\"description\":\"Cloyne, Co.Cork\",\"publisher\":{\"@id\":\"http:\/\/cloynens.com\/#organization\"},\"potentialAction\":[{\"@type\":\"SearchAction\",\"target\":{\"@type\":\"EntryPoint\",\"urlTemplate\":\"http:\/\/cloynens.com\/?s={search_term_string}\"},\"query-input\":\"required name=search_term_string\"}],\"inLanguage\":\"en-GB\"},{\"@type\":\"Organization\",\"@id\":\"http:\/\/cloynens.com\/#organization\",\"name\":\"St. Colman's National School\",\"url\":\"http:\/\/cloynens.com\/\",\"logo\":{\"@type\":\"ImageObject\",\"inLanguage\":\"en-GB\",\"@id\":\"http:\/\/cloynens.com\/#\/schema\/logo\/image\/\",\"url\":\"http:\/\/cloynens.com\/wp-content\/uploads\/2022\/10\/cropped-logo-Cloyne.jpg\",\"contentUrl\":\"http:\/\/cloynens.com\/wp-content\/uploads\/2022\/10\/cropped-logo-Cloyne.jpg\",\"width\":150,\"height\":150,\"caption\":\"St. Colman's National School\"},\"image\":{\"@id\":\"http:\/\/cloynens.com\/#\/schema\/logo\/image\/\"},\"sameAs\":[\"https:\/\/www.facebook.com\/stcolmanscloyne\",\"https:\/\/twitter.com\/stcolmanscloyne\"]},{\"@type\":\"Person\",\"@id\":\"http:\/\/cloynens.com\/#\/schema\/person\/5c7b4166d0fbed3c378cf70c9e82cf11\",\"name\":\"cloynens_wp\",\"image\":{\"@type\":\"ImageObject\",\"inLanguage\":\"en-GB\",\"@id\":\"http:\/\/cloynens.com\/#\/schema\/person\/image\/\",\"url\":\"http:\/\/0.gravatar.com\/avatar\/f61c8c5c9b178818bf9dcb4c52eabc58?s=96&d=mm&r=g\",\"contentUrl\":\"http:\/\/0.gravatar.com\/avatar\/f61c8c5c9b178818bf9dcb4c52eabc58?s=96&d=mm&r=g\",\"caption\":\"cloynens_wp\"},\"url\":\"http:\/\/cloynens.com\/index.php\/author\/cloynens_wp\/\"}]}<\/script>\n<!-- \/ Yoast SEO plugin. -->","yoast_head_json":{"title":"L\u00e0 Glas - An C\u00e8il\u00ec M\u00f2r - St. Colman&#039;s National School","robots":{"index":"index","follow":"follow","max-snippet":"max-snippet:-1","max-image-preview":"max-image-preview:large","max-video-preview":"max-video-preview:-1"},"canonical":"http:\/\/cloynens.com\/index.php\/2019\/03\/12\/la-glas-an-ceili-mor\/","og_locale":"en_GB","og_type":"article","og_title":"L\u00e0 Glas - An C\u00e8il\u00ec M\u00f2r - St. Colman&#039;s National School","og_description":"Bh\u00ed an t-\u00e1dh linn leis an aimsir inn\u00e9, d\u2019\u00e9irigh linn \u201cAn C\u00e9il\u00ed M\u00f3r\u201d a cheili\u00faradh amuigh sa chl\u00f3s. M\u00edle bu\u00edochas &hellip;","og_url":"http:\/\/cloynens.com\/index.php\/2019\/03\/12\/la-glas-an-ceili-mor\/","og_site_name":"St. Colman&#039;s National School","article_publisher":"https:\/\/www.facebook.com\/stcolmanscloyne","article_published_time":"2019-03-12T14:26:03+00:00","article_modified_time":"2019-03-12T14:28:13+00:00","og_image":[{"url":"http:\/\/cloynens.com\/wp-content\/uploads\/2019\/03\/DSCF9264-300x225.jpg"}],"author":"cloynens_wp","twitter_card":"summary_large_image","twitter_creator":"@stcolmanscloyne","twitter_site":"@stcolmanscloyne","twitter_misc":{"Written by":"cloynens_wp"},"schema":{"@context":"https:\/\/schema.org","@graph":[{"@type":"Article","@id":"http:\/\/cloynens.com\/index.php\/2019\/03\/12\/la-glas-an-ceili-mor\/#article","isPartOf":{"@id":"http:\/\/cloynens.com\/index.php\/2019\/03\/12\/la-glas-an-ceili-mor\/"},"author":{"name":"cloynens_wp","@id":"http:\/\/cloynens.com\/#\/schema\/person\/5c7b4166d0fbed3c378cf70c9e82cf11"},"headline":"L\u00e0 Glas &#8211; An C\u00e8il\u00ec M\u00f2r","datePublished":"2019-03-12T14:26:03+00:00","dateModified":"2019-03-12T14:28:13+00:00","mainEntityOfPage":{"@id":"http:\/\/cloynens.com\/index.php\/2019\/03\/12\/la-glas-an-ceili-mor\/"},"wordCount":87,"publisher":{"@id":"http:\/\/cloynens.com\/#organization"},"articleSection":["Recent School News"],"inLanguage":"en-GB"},{"@type":"WebPage","@id":"http:\/\/cloynens.com\/index.php\/2019\/03\/12\/la-glas-an-ceili-mor\/","url":"http:\/\/cloynens.com\/index.php\/2019\/03\/12\/la-glas-an-ceili-mor\/","name":"L\u00e0 Glas - An C\u00e8il\u00ec M\u00f2r - St. Colman&#039;s National School","isPartOf":{"@id":"http:\/\/cloynens.com\/#website"},"datePublished":"2019-03-12T14:26:03+00:00","dateModified":"2019-03-12T14:28:13+00:00","breadcrumb":{"@id":"http:\/\/cloynens.com\/index.php\/2019\/03\/12\/la-glas-an-ceili-mor\/#breadcrumb"},"inLanguage":"en-GB","potentialAction":[{"@type":"ReadAction","target":["http:\/\/cloynens.com\/index.php\/2019\/03\/12\/la-glas-an-ceili-mor\/"]}]},{"@type":"BreadcrumbList","@id":"http:\/\/cloynens.com\/index.php\/2019\/03\/12\/la-glas-an-ceili-mor\/#breadcrumb","itemListElement":[{"@type":"ListItem","position":1,"name":"Home","item":"http:\/\/cloynens.com\/"},{"@type":"ListItem","position":2,"name":"L\u00e0 Glas &#8211; An C\u00e8il\u00ec M\u00f2r"}]},{"@type":"WebSite","@id":"http:\/\/cloynens.com\/#website","url":"http:\/\/cloynens.com\/","name":"St. Colman&#039;s National School","description":"Cloyne, Co.Cork","publisher":{"@id":"http:\/\/cloynens.com\/#organization"},"potentialAction":[{"@type":"SearchAction","target":{"@type":"EntryPoint","urlTemplate":"http:\/\/cloynens.com\/?s={search_term_string}"},"query-input":"required name=search_term_string"}],"inLanguage":"en-GB"},{"@type":"Organization","@id":"http:\/\/cloynens.com\/#organization","name":"St. Colman's National School","url":"http:\/\/cloynens.com\/","logo":{"@type":"ImageObject","inLanguage":"en-GB","@id":"http:\/\/cloynens.com\/#\/schema\/logo\/image\/","url":"http:\/\/cloynens.com\/wp-content\/uploads\/2022\/10\/cropped-logo-Cloyne.jpg","contentUrl":"http:\/\/cloynens.com\/wp-content\/uploads\/2022\/10\/cropped-logo-Cloyne.jpg","width":150,"height":150,"caption":"St. Colman's National School"},"image":{"@id":"http:\/\/cloynens.com\/#\/schema\/logo\/image\/"},"sameAs":["https:\/\/www.facebook.com\/stcolmanscloyne","https:\/\/twitter.com\/stcolmanscloyne"]},{"@type":"Person","@id":"http:\/\/cloynens.com\/#\/schema\/person\/5c7b4166d0fbed3c378cf70c9e82cf11","name":"cloynens_wp","image":{"@type":"ImageObject","inLanguage":"en-GB","@id":"http:\/\/cloynens.com\/#\/schema\/person\/image\/","url":"http:\/\/0.gravatar.com\/avatar\/f61c8c5c9b178818bf9dcb4c52eabc58?s=96&d=mm&r=g","contentUrl":"http:\/\/0.gravatar.com\/avatar\/f61c8c5c9b178818bf9dcb4c52eabc58?s=96&d=mm&r=g","caption":"cloynens_wp"},"url":"http:\/\/cloynens.com\/index.php\/author\/cloynens_wp\/"}]}},"_links":{"self":[{"href":"http:\/\/cloynens.com\/index.php\/wp-json\/wp\/v2\/posts\/4675"}],"collection":[{"href":"http:\/\/cloynens.com\/index.php\/wp-json\/wp\/v2\/posts"}],"about":[{"href":"http:\/\/cloynens.com\/index.php\/wp-json\/wp\/v2\/types\/post"}],"author":[{"embeddable":true,"href":"http:\/\/cloynens.com\/index.php\/wp-json\/wp\/v2\/users\/1"}],"replies":[{"embeddable":true,"href":"http:\/\/cloynens.com\/index.php\/wp-json\/wp\/v2\/comments?post=4675"}],"version-history":[{"count":2,"href":"http:\/\/cloynens.com\/index.php\/wp-json\/wp\/v2\/posts\/4675\/revisions"}],"predecessor-version":[{"id":4677,"href":"http:\/\/cloynens.com\/index.php\/wp-json\/wp\/v2\/posts\/4675\/revisions\/4677"}],"wp:attachment":[{"href":"http:\/\/cloynens.com\/index.php\/wp-json\/wp\/v2\/media?parent=4675"}],"wp:term":[{"taxonomy":"category","embeddable":true,"href":"http:\/\/cloynens.com\/index.php\/wp-json\/wp\/v2\/categories?post=4675"},{"taxonomy":"post_tag","embeddable":true,"href":"http:\/\/cloynens.com\/index.php\/wp-json\/wp\/v2\/tags?post=4675"}],"curies":[{"name":"wp","href":"https:\/\/api.w.org\/{rel}","templated":true}]}}