{"id":4610,"date":"2019-03-04T19:56:52","date_gmt":"2019-03-04T19:56:52","guid":{"rendered":"https:\/\/cloynens.com\/?p=4610"},"modified":"2019-03-06T10:36:45","modified_gmt":"2019-03-06T10:36:45","slug":"la-glas-3","status":"publish","type":"post","link":"http:\/\/cloynens.com\/index.php\/2019\/03\/04\/la-glas-3\/","title":{"rendered":"L\u00e0 Glas"},"content":{"rendered":"<p>A thuismitheoir\u00ed dh\u00edl,<\/p>\n<p>T\u00e1 Seachtain na Gaeilge ar si\u00fal faoi l\u00e1thair agus t\u00e1 go leor gn\u00edomha\u00edochta\u00ed eagraithe sna ranganna. Beidh \u201cL\u00e1 Glas\u201d againn ar an Luan seo chugainn 11\u00fa M\u00e1rta, t\u00e1 cead ag na p\u00e1ist\u00ed \u00e9ada\u00ed glasa a chaitheamh an l\u00e1 sin. Beidh \u201cCeil\u00ed M\u00f3r\u201d ar si\u00fal sa chl\u00f3s ag 11:15r.n., m\u00e1 t\u00e1 an aimsir oiri\u00fanach agus t\u00e1 cead ag na tuismitheoir\u00ed p\u00e1irt a ghlacadh!!!<\/p>\n<p>Dear Parents,<\/p>\n<p>As Seachtain na Gaeilge continues in St. Colman\u2019s there are lots of events happening in our classrooms. On Monday March 11th we will celebrate L\u00e1 Glas, all children are allowed wear green. Weather permitting we will have our annual \u201cCeil\u00ed M\u00f3r\u201d in the school yard at 11:15am. We would like to invite our parents to take part in our C\u00e9il\u00ed M\u00f3r if there is space!!!<\/p>\n<p><a href=\"http:\/\/cloynens.com\/wp-content\/uploads\/2019\/03\/la\u0300-glas-an-ce\u0300ili\u0300-mo\u0301r.png\"><img decoding=\"async\" class=\"aligncenter size-medium wp-image-4609\" src=\"http:\/\/cloynens.com\/wp-content\/uploads\/2019\/03\/la\u0300-glas-an-ce\u0300ili\u0300-mo\u0301r-300x213.png\" alt=\"\" width=\"300\" height=\"213\" srcset=\"http:\/\/cloynens.com\/wp-content\/uploads\/2019\/03\/la\u0300-glas-an-ce\u0300ili\u0300-mo\u0301r-300x213.png 300w, http:\/\/cloynens.com\/wp-content\/uploads\/2019\/03\/la\u0300-glas-an-ce\u0300ili\u0300-mo\u0301r.png 559w\" sizes=\"(max-width: 300px) 100vw, 300px\" \/><\/a><\/p>\n\n\n<p><\/p>\n","protected":false},"excerpt":{"rendered":"<p>A thuismitheoir\u00ed dh\u00edl, T\u00e1 Seachtain na Gaeilge ar si\u00fal faoi l\u00e1thair agus t\u00e1 go leor gn\u00edomha\u00edochta\u00ed eagraithe sna ranganna. Beidh &hellip; <\/p>\n","protected":false},"author":1,"featured_media":0,"comment_status":"closed","ping_status":"open","sticky":false,"template":"","format":"standard","meta":{"__cvm_playback_settings":[],"__cvm_video_id":""},"categories":[1],"tags":[],"yoast_head":"<!-- This site is optimized with the Yoast SEO plugin v19.12 - https:\/\/yoast.com\/wordpress\/plugins\/seo\/ -->\n<title>L\u00e0 Glas - St. Colman&#039;s National School<\/title>\n<meta name=\"robots\" content=\"index, follow, max-snippet:-1, max-image-preview:large, max-video-preview:-1\" \/>\n<link rel=\"canonical\" href=\"http:\/\/cloynens.com\/index.php\/2019\/03\/04\/la-glas-3\/\" \/>\n<meta property=\"og:locale\" content=\"en_GB\" \/>\n<meta property=\"og:type\" content=\"article\" \/>\n<meta property=\"og:title\" content=\"L\u00e0 Glas - St. Colman&#039;s National School\" \/>\n<meta property=\"og:description\" content=\"A thuismitheoir\u00ed dh\u00edl, T\u00e1 Seachtain na Gaeilge ar si\u00fal faoi l\u00e1thair agus t\u00e1 go leor gn\u00edomha\u00edochta\u00ed eagraithe sna ranganna. Beidh &hellip;\" \/>\n<meta property=\"og:url\" content=\"http:\/\/cloynens.com\/index.php\/2019\/03\/04\/la-glas-3\/\" \/>\n<meta property=\"og:site_name\" content=\"St. Colman&#039;s National School\" \/>\n<meta property=\"article:publisher\" content=\"https:\/\/www.facebook.com\/stcolmanscloyne\" \/>\n<meta property=\"article:published_time\" content=\"2019-03-04T19:56:52+00:00\" \/>\n<meta property=\"article:modified_time\" content=\"2019-03-06T10:36:45+00:00\" \/>\n<meta name=\"author\" content=\"cloynens_wp\" \/>\n<meta name=\"twitter:card\" content=\"summary_large_image\" \/>\n<meta name=\"twitter:creator\" content=\"@stcolmanscloyne\" \/>\n<meta name=\"twitter:site\" content=\"@stcolmanscloyne\" \/>\n<meta name=\"twitter:label1\" content=\"Written by\" \/>\n\t<meta name=\"twitter:data1\" content=\"cloynens_wp\" \/>\n\t<meta name=\"twitter:label2\" content=\"Estimated reading time\" \/>\n\t<meta name=\"twitter:data2\" content=\"1 minute\" \/>\n<script type=\"application\/ld+json\" class=\"yoast-schema-graph\">{\"@context\":\"https:\/\/schema.org\",\"@graph\":[{\"@type\":\"Article\",\"@id\":\"http:\/\/cloynens.com\/index.php\/2019\/03\/04\/la-glas-3\/#article\",\"isPartOf\":{\"@id\":\"http:\/\/cloynens.com\/index.php\/2019\/03\/04\/la-glas-3\/\"},\"author\":{\"name\":\"cloynens_wp\",\"@id\":\"http:\/\/cloynens.com\/#\/schema\/person\/5c7b4166d0fbed3c378cf70c9e82cf11\"},\"headline\":\"L\u00e0 Glas\",\"datePublished\":\"2019-03-04T19:56:52+00:00\",\"dateModified\":\"2019-03-06T10:36:45+00:00\",\"mainEntityOfPage\":{\"@id\":\"http:\/\/cloynens.com\/index.php\/2019\/03\/04\/la-glas-3\/\"},\"wordCount\":150,\"publisher\":{\"@id\":\"http:\/\/cloynens.com\/#organization\"},\"articleSection\":[\"Recent School News\"],\"inLanguage\":\"en-GB\"},{\"@type\":\"WebPage\",\"@id\":\"http:\/\/cloynens.com\/index.php\/2019\/03\/04\/la-glas-3\/\",\"url\":\"http:\/\/cloynens.com\/index.php\/2019\/03\/04\/la-glas-3\/\",\"name\":\"L\u00e0 Glas - St. Colman&#039;s National School\",\"isPartOf\":{\"@id\":\"http:\/\/cloynens.com\/#website\"},\"datePublished\":\"2019-03-04T19:56:52+00:00\",\"dateModified\":\"2019-03-06T10:36:45+00:00\",\"breadcrumb\":{\"@id\":\"http:\/\/cloynens.com\/index.php\/2019\/03\/04\/la-glas-3\/#breadcrumb\"},\"inLanguage\":\"en-GB\",\"potentialAction\":[{\"@type\":\"ReadAction\",\"target\":[\"http:\/\/cloynens.com\/index.php\/2019\/03\/04\/la-glas-3\/\"]}]},{\"@type\":\"BreadcrumbList\",\"@id\":\"http:\/\/cloynens.com\/index.php\/2019\/03\/04\/la-glas-3\/#breadcrumb\",\"itemListElement\":[{\"@type\":\"ListItem\",\"position\":1,\"name\":\"Home\",\"item\":\"http:\/\/cloynens.com\/\"},{\"@type\":\"ListItem\",\"position\":2,\"name\":\"L\u00e0 Glas\"}]},{\"@type\":\"WebSite\",\"@id\":\"http:\/\/cloynens.com\/#website\",\"url\":\"http:\/\/cloynens.com\/\",\"name\":\"St. Colman&#039;s National School\",\"description\":\"Cloyne, Co.Cork\",\"publisher\":{\"@id\":\"http:\/\/cloynens.com\/#organization\"},\"potentialAction\":[{\"@type\":\"SearchAction\",\"target\":{\"@type\":\"EntryPoint\",\"urlTemplate\":\"http:\/\/cloynens.com\/?s={search_term_string}\"},\"query-input\":\"required name=search_term_string\"}],\"inLanguage\":\"en-GB\"},{\"@type\":\"Organization\",\"@id\":\"http:\/\/cloynens.com\/#organization\",\"name\":\"St. Colman's National School\",\"url\":\"http:\/\/cloynens.com\/\",\"logo\":{\"@type\":\"ImageObject\",\"inLanguage\":\"en-GB\",\"@id\":\"http:\/\/cloynens.com\/#\/schema\/logo\/image\/\",\"url\":\"http:\/\/cloynens.com\/wp-content\/uploads\/2022\/10\/cropped-logo-Cloyne.jpg\",\"contentUrl\":\"http:\/\/cloynens.com\/wp-content\/uploads\/2022\/10\/cropped-logo-Cloyne.jpg\",\"width\":150,\"height\":150,\"caption\":\"St. Colman's National School\"},\"image\":{\"@id\":\"http:\/\/cloynens.com\/#\/schema\/logo\/image\/\"},\"sameAs\":[\"https:\/\/www.facebook.com\/stcolmanscloyne\",\"https:\/\/twitter.com\/stcolmanscloyne\"]},{\"@type\":\"Person\",\"@id\":\"http:\/\/cloynens.com\/#\/schema\/person\/5c7b4166d0fbed3c378cf70c9e82cf11\",\"name\":\"cloynens_wp\",\"image\":{\"@type\":\"ImageObject\",\"inLanguage\":\"en-GB\",\"@id\":\"http:\/\/cloynens.com\/#\/schema\/person\/image\/\",\"url\":\"http:\/\/0.gravatar.com\/avatar\/f61c8c5c9b178818bf9dcb4c52eabc58?s=96&d=mm&r=g\",\"contentUrl\":\"http:\/\/0.gravatar.com\/avatar\/f61c8c5c9b178818bf9dcb4c52eabc58?s=96&d=mm&r=g\",\"caption\":\"cloynens_wp\"},\"url\":\"http:\/\/cloynens.com\/index.php\/author\/cloynens_wp\/\"}]}<\/script>\n<!-- \/ Yoast SEO plugin. -->","yoast_head_json":{"title":"L\u00e0 Glas - St. Colman&#039;s National School","robots":{"index":"index","follow":"follow","max-snippet":"max-snippet:-1","max-image-preview":"max-image-preview:large","max-video-preview":"max-video-preview:-1"},"canonical":"http:\/\/cloynens.com\/index.php\/2019\/03\/04\/la-glas-3\/","og_locale":"en_GB","og_type":"article","og_title":"L\u00e0 Glas - St. Colman&#039;s National School","og_description":"A thuismitheoir\u00ed dh\u00edl, T\u00e1 Seachtain na Gaeilge ar si\u00fal faoi l\u00e1thair agus t\u00e1 go leor gn\u00edomha\u00edochta\u00ed eagraithe sna ranganna. Beidh &hellip;","og_url":"http:\/\/cloynens.com\/index.php\/2019\/03\/04\/la-glas-3\/","og_site_name":"St. Colman&#039;s National School","article_publisher":"https:\/\/www.facebook.com\/stcolmanscloyne","article_published_time":"2019-03-04T19:56:52+00:00","article_modified_time":"2019-03-06T10:36:45+00:00","author":"cloynens_wp","twitter_card":"summary_large_image","twitter_creator":"@stcolmanscloyne","twitter_site":"@stcolmanscloyne","twitter_misc":{"Written by":"cloynens_wp","Estimated reading time":"1 minute"},"schema":{"@context":"https:\/\/schema.org","@graph":[{"@type":"Article","@id":"http:\/\/cloynens.com\/index.php\/2019\/03\/04\/la-glas-3\/#article","isPartOf":{"@id":"http:\/\/cloynens.com\/index.php\/2019\/03\/04\/la-glas-3\/"},"author":{"name":"cloynens_wp","@id":"http:\/\/cloynens.com\/#\/schema\/person\/5c7b4166d0fbed3c378cf70c9e82cf11"},"headline":"L\u00e0 Glas","datePublished":"2019-03-04T19:56:52+00:00","dateModified":"2019-03-06T10:36:45+00:00","mainEntityOfPage":{"@id":"http:\/\/cloynens.com\/index.php\/2019\/03\/04\/la-glas-3\/"},"wordCount":150,"publisher":{"@id":"http:\/\/cloynens.com\/#organization"},"articleSection":["Recent School News"],"inLanguage":"en-GB"},{"@type":"WebPage","@id":"http:\/\/cloynens.com\/index.php\/2019\/03\/04\/la-glas-3\/","url":"http:\/\/cloynens.com\/index.php\/2019\/03\/04\/la-glas-3\/","name":"L\u00e0 Glas - St. Colman&#039;s National School","isPartOf":{"@id":"http:\/\/cloynens.com\/#website"},"datePublished":"2019-03-04T19:56:52+00:00","dateModified":"2019-03-06T10:36:45+00:00","breadcrumb":{"@id":"http:\/\/cloynens.com\/index.php\/2019\/03\/04\/la-glas-3\/#breadcrumb"},"inLanguage":"en-GB","potentialAction":[{"@type":"ReadAction","target":["http:\/\/cloynens.com\/index.php\/2019\/03\/04\/la-glas-3\/"]}]},{"@type":"BreadcrumbList","@id":"http:\/\/cloynens.com\/index.php\/2019\/03\/04\/la-glas-3\/#breadcrumb","itemListElement":[{"@type":"ListItem","position":1,"name":"Home","item":"http:\/\/cloynens.com\/"},{"@type":"ListItem","position":2,"name":"L\u00e0 Glas"}]},{"@type":"WebSite","@id":"http:\/\/cloynens.com\/#website","url":"http:\/\/cloynens.com\/","name":"St. Colman&#039;s National School","description":"Cloyne, Co.Cork","publisher":{"@id":"http:\/\/cloynens.com\/#organization"},"potentialAction":[{"@type":"SearchAction","target":{"@type":"EntryPoint","urlTemplate":"http:\/\/cloynens.com\/?s={search_term_string}"},"query-input":"required name=search_term_string"}],"inLanguage":"en-GB"},{"@type":"Organization","@id":"http:\/\/cloynens.com\/#organization","name":"St. Colman's National School","url":"http:\/\/cloynens.com\/","logo":{"@type":"ImageObject","inLanguage":"en-GB","@id":"http:\/\/cloynens.com\/#\/schema\/logo\/image\/","url":"http:\/\/cloynens.com\/wp-content\/uploads\/2022\/10\/cropped-logo-Cloyne.jpg","contentUrl":"http:\/\/cloynens.com\/wp-content\/uploads\/2022\/10\/cropped-logo-Cloyne.jpg","width":150,"height":150,"caption":"St. Colman's National School"},"image":{"@id":"http:\/\/cloynens.com\/#\/schema\/logo\/image\/"},"sameAs":["https:\/\/www.facebook.com\/stcolmanscloyne","https:\/\/twitter.com\/stcolmanscloyne"]},{"@type":"Person","@id":"http:\/\/cloynens.com\/#\/schema\/person\/5c7b4166d0fbed3c378cf70c9e82cf11","name":"cloynens_wp","image":{"@type":"ImageObject","inLanguage":"en-GB","@id":"http:\/\/cloynens.com\/#\/schema\/person\/image\/","url":"http:\/\/0.gravatar.com\/avatar\/f61c8c5c9b178818bf9dcb4c52eabc58?s=96&d=mm&r=g","contentUrl":"http:\/\/0.gravatar.com\/avatar\/f61c8c5c9b178818bf9dcb4c52eabc58?s=96&d=mm&r=g","caption":"cloynens_wp"},"url":"http:\/\/cloynens.com\/index.php\/author\/cloynens_wp\/"}]}},"_links":{"self":[{"href":"http:\/\/cloynens.com\/index.php\/wp-json\/wp\/v2\/posts\/4610"}],"collection":[{"href":"http:\/\/cloynens.com\/index.php\/wp-json\/wp\/v2\/posts"}],"about":[{"href":"http:\/\/cloynens.com\/index.php\/wp-json\/wp\/v2\/types\/post"}],"author":[{"embeddable":true,"href":"http:\/\/cloynens.com\/index.php\/wp-json\/wp\/v2\/users\/1"}],"replies":[{"embeddable":true,"href":"http:\/\/cloynens.com\/index.php\/wp-json\/wp\/v2\/comments?post=4610"}],"version-history":[{"count":2,"href":"http:\/\/cloynens.com\/index.php\/wp-json\/wp\/v2\/posts\/4610\/revisions"}],"predecessor-version":[{"id":4618,"href":"http:\/\/cloynens.com\/index.php\/wp-json\/wp\/v2\/posts\/4610\/revisions\/4618"}],"wp:attachment":[{"href":"http:\/\/cloynens.com\/index.php\/wp-json\/wp\/v2\/media?parent=4610"}],"wp:term":[{"taxonomy":"category","embeddable":true,"href":"http:\/\/cloynens.com\/index.php\/wp-json\/wp\/v2\/categories?post=4610"},{"taxonomy":"post_tag","embeddable":true,"href":"http:\/\/cloynens.com\/index.php\/wp-json\/wp\/v2\/tags?post=4610"}],"curies":[{"name":"wp","href":"https:\/\/api.w.org\/{rel}","templated":true}]}}