{"id":1411,"date":"2016-03-11T07:03:38","date_gmt":"2016-03-11T07:03:38","guid":{"rendered":"http:\/\/cloynens.com\/?p=1411"},"modified":"2016-03-10T23:39:41","modified_gmt":"2016-03-10T23:39:41","slug":"la-glas-agus-ceili-mor","status":"publish","type":"post","link":"http:\/\/cloynens.com\/index.php\/2016\/03\/11\/la-glas-agus-ceili-mor\/","title":{"rendered":"L\u00e1 Glas agus Ceil\u00ed M\u00f3r"},"content":{"rendered":"<h3 style=\"text-align: center;\"><span style=\"color: #339966;\">As part of Seachtain na Gaeilge, there will be a Ceil\u00ed M\u00f3r in the yard for the whole school (weather permitting)at 11:15. This day will also be L\u00e1 Glas and the children are permitted to wear green clothing instead of school uniform. we would like to invite parents to come and participate in this event! Bring your dancing shoes!!<\/span><\/h3>\n<p><a href=\"http:\/\/cloynens.com\/wp-content\/uploads\/2016\/03\/la-glas.jpg\" rel=\"attachment wp-att-1412\"><img decoding=\"async\" class=\"aligncenter size-medium wp-image-1412\" src=\"http:\/\/cloynens.com\/wp-content\/uploads\/2016\/03\/la-glas-200x300.jpg\" alt=\"la glas\" width=\"200\" height=\"300\" srcset=\"http:\/\/cloynens.com\/wp-content\/uploads\/2016\/03\/la-glas-200x300.jpg 200w, http:\/\/cloynens.com\/wp-content\/uploads\/2016\/03\/la-glas-768x1152.jpg 768w, http:\/\/cloynens.com\/wp-content\/uploads\/2016\/03\/la-glas-683x1024.jpg 683w, http:\/\/cloynens.com\/wp-content\/uploads\/2016\/03\/la-glas.jpg 1200w\" sizes=\"(max-width: 200px) 100vw, 200px\" \/><\/a><\/p>\n","protected":false},"excerpt":{"rendered":"<p>As part of Seachtain na Gaeilge, there will be a Ceil\u00ed M\u00f3r in the yard for the whole school (weather &hellip; <\/p>\n","protected":false},"author":1,"featured_media":0,"comment_status":"closed","ping_status":"open","sticky":false,"template":"","format":"image","meta":{"__cvm_playback_settings":[],"__cvm_video_id":""},"categories":[41,1,65],"tags":[42,66],"yoast_head":"<!-- This site is optimized with the Yoast SEO plugin v19.12 - https:\/\/yoast.com\/wordpress\/plugins\/seo\/ -->\n<title>L\u00e1 Glas agus Ceil\u00ed M\u00f3r - St. Colman&#039;s National School<\/title>\n<meta name=\"robots\" content=\"index, follow, max-snippet:-1, max-image-preview:large, max-video-preview:-1\" \/>\n<link rel=\"canonical\" href=\"http:\/\/cloynens.com\/index.php\/2016\/03\/11\/la-glas-agus-ceili-mor\/\" \/>\n<meta property=\"og:locale\" content=\"en_GB\" \/>\n<meta property=\"og:type\" content=\"article\" \/>\n<meta property=\"og:title\" content=\"L\u00e1 Glas agus Ceil\u00ed M\u00f3r - St. Colman&#039;s National School\" \/>\n<meta property=\"og:description\" content=\"As part of Seachtain na Gaeilge, there will be a Ceil\u00ed M\u00f3r in the yard for the whole school (weather &hellip;\" \/>\n<meta property=\"og:url\" content=\"http:\/\/cloynens.com\/index.php\/2016\/03\/11\/la-glas-agus-ceili-mor\/\" \/>\n<meta property=\"og:site_name\" content=\"St. Colman&#039;s National School\" \/>\n<meta property=\"article:publisher\" content=\"https:\/\/www.facebook.com\/stcolmanscloyne\" \/>\n<meta property=\"article:published_time\" content=\"2016-03-11T07:03:38+00:00\" \/>\n<meta property=\"article:modified_time\" content=\"2016-03-10T23:39:41+00:00\" \/>\n<meta property=\"og:image\" content=\"http:\/\/cloynens.com\/wp-content\/uploads\/2016\/03\/la-glas-200x300.jpg\" \/>\n<meta name=\"author\" content=\"cloynens_wp\" \/>\n<meta name=\"twitter:card\" content=\"summary_large_image\" \/>\n<meta name=\"twitter:creator\" content=\"@stcolmanscloyne\" \/>\n<meta name=\"twitter:site\" content=\"@stcolmanscloyne\" \/>\n<meta name=\"twitter:label1\" content=\"Written by\" \/>\n\t<meta name=\"twitter:data1\" content=\"cloynens_wp\" \/>\n<script type=\"application\/ld+json\" class=\"yoast-schema-graph\">{\"@context\":\"https:\/\/schema.org\",\"@graph\":[{\"@type\":\"Article\",\"@id\":\"http:\/\/cloynens.com\/index.php\/2016\/03\/11\/la-glas-agus-ceili-mor\/#article\",\"isPartOf\":{\"@id\":\"http:\/\/cloynens.com\/index.php\/2016\/03\/11\/la-glas-agus-ceili-mor\/\"},\"author\":{\"name\":\"cloynens_wp\",\"@id\":\"http:\/\/cloynens.com\/#\/schema\/person\/5c7b4166d0fbed3c378cf70c9e82cf11\"},\"headline\":\"L\u00e1 Glas agus Ceil\u00ed M\u00f3r\",\"datePublished\":\"2016-03-11T07:03:38+00:00\",\"dateModified\":\"2016-03-10T23:39:41+00:00\",\"mainEntityOfPage\":{\"@id\":\"http:\/\/cloynens.com\/index.php\/2016\/03\/11\/la-glas-agus-ceili-mor\/\"},\"wordCount\":66,\"publisher\":{\"@id\":\"http:\/\/cloynens.com\/#organization\"},\"keywords\":[\"Gaeilge\",\"seachtainnagaeilge\"],\"articleSection\":[\"Gaeilge\",\"Recent School News\",\"Seachtain na Gaeilge\"],\"inLanguage\":\"en-GB\"},{\"@type\":\"WebPage\",\"@id\":\"http:\/\/cloynens.com\/index.php\/2016\/03\/11\/la-glas-agus-ceili-mor\/\",\"url\":\"http:\/\/cloynens.com\/index.php\/2016\/03\/11\/la-glas-agus-ceili-mor\/\",\"name\":\"L\u00e1 Glas agus Ceil\u00ed M\u00f3r - St. Colman&#039;s National School\",\"isPartOf\":{\"@id\":\"http:\/\/cloynens.com\/#website\"},\"datePublished\":\"2016-03-11T07:03:38+00:00\",\"dateModified\":\"2016-03-10T23:39:41+00:00\",\"breadcrumb\":{\"@id\":\"http:\/\/cloynens.com\/index.php\/2016\/03\/11\/la-glas-agus-ceili-mor\/#breadcrumb\"},\"inLanguage\":\"en-GB\",\"potentialAction\":[{\"@type\":\"ReadAction\",\"target\":[\"http:\/\/cloynens.com\/index.php\/2016\/03\/11\/la-glas-agus-ceili-mor\/\"]}]},{\"@type\":\"BreadcrumbList\",\"@id\":\"http:\/\/cloynens.com\/index.php\/2016\/03\/11\/la-glas-agus-ceili-mor\/#breadcrumb\",\"itemListElement\":[{\"@type\":\"ListItem\",\"position\":1,\"name\":\"Home\",\"item\":\"http:\/\/cloynens.com\/\"},{\"@type\":\"ListItem\",\"position\":2,\"name\":\"L\u00e1 Glas agus Ceil\u00ed M\u00f3r\"}]},{\"@type\":\"WebSite\",\"@id\":\"http:\/\/cloynens.com\/#website\",\"url\":\"http:\/\/cloynens.com\/\",\"name\":\"St. Colman&#039;s National School\",\"description\":\"Cloyne, Co.Cork\",\"publisher\":{\"@id\":\"http:\/\/cloynens.com\/#organization\"},\"potentialAction\":[{\"@type\":\"SearchAction\",\"target\":{\"@type\":\"EntryPoint\",\"urlTemplate\":\"http:\/\/cloynens.com\/?s={search_term_string}\"},\"query-input\":\"required name=search_term_string\"}],\"inLanguage\":\"en-GB\"},{\"@type\":\"Organization\",\"@id\":\"http:\/\/cloynens.com\/#organization\",\"name\":\"St. Colman's National School\",\"url\":\"http:\/\/cloynens.com\/\",\"logo\":{\"@type\":\"ImageObject\",\"inLanguage\":\"en-GB\",\"@id\":\"http:\/\/cloynens.com\/#\/schema\/logo\/image\/\",\"url\":\"http:\/\/cloynens.com\/wp-content\/uploads\/2022\/10\/cropped-logo-Cloyne.jpg\",\"contentUrl\":\"http:\/\/cloynens.com\/wp-content\/uploads\/2022\/10\/cropped-logo-Cloyne.jpg\",\"width\":150,\"height\":150,\"caption\":\"St. Colman's National School\"},\"image\":{\"@id\":\"http:\/\/cloynens.com\/#\/schema\/logo\/image\/\"},\"sameAs\":[\"https:\/\/www.facebook.com\/stcolmanscloyne\",\"https:\/\/twitter.com\/stcolmanscloyne\"]},{\"@type\":\"Person\",\"@id\":\"http:\/\/cloynens.com\/#\/schema\/person\/5c7b4166d0fbed3c378cf70c9e82cf11\",\"name\":\"cloynens_wp\",\"image\":{\"@type\":\"ImageObject\",\"inLanguage\":\"en-GB\",\"@id\":\"http:\/\/cloynens.com\/#\/schema\/person\/image\/\",\"url\":\"http:\/\/0.gravatar.com\/avatar\/f61c8c5c9b178818bf9dcb4c52eabc58?s=96&d=mm&r=g\",\"contentUrl\":\"http:\/\/0.gravatar.com\/avatar\/f61c8c5c9b178818bf9dcb4c52eabc58?s=96&d=mm&r=g\",\"caption\":\"cloynens_wp\"},\"url\":\"http:\/\/cloynens.com\/index.php\/author\/cloynens_wp\/\"}]}<\/script>\n<!-- \/ Yoast SEO plugin. -->","yoast_head_json":{"title":"L\u00e1 Glas agus Ceil\u00ed M\u00f3r - St. Colman&#039;s National School","robots":{"index":"index","follow":"follow","max-snippet":"max-snippet:-1","max-image-preview":"max-image-preview:large","max-video-preview":"max-video-preview:-1"},"canonical":"http:\/\/cloynens.com\/index.php\/2016\/03\/11\/la-glas-agus-ceili-mor\/","og_locale":"en_GB","og_type":"article","og_title":"L\u00e1 Glas agus Ceil\u00ed M\u00f3r - St. Colman&#039;s National School","og_description":"As part of Seachtain na Gaeilge, there will be a Ceil\u00ed M\u00f3r in the yard for the whole school (weather &hellip;","og_url":"http:\/\/cloynens.com\/index.php\/2016\/03\/11\/la-glas-agus-ceili-mor\/","og_site_name":"St. Colman&#039;s National School","article_publisher":"https:\/\/www.facebook.com\/stcolmanscloyne","article_published_time":"2016-03-11T07:03:38+00:00","article_modified_time":"2016-03-10T23:39:41+00:00","og_image":[{"url":"http:\/\/cloynens.com\/wp-content\/uploads\/2016\/03\/la-glas-200x300.jpg"}],"author":"cloynens_wp","twitter_card":"summary_large_image","twitter_creator":"@stcolmanscloyne","twitter_site":"@stcolmanscloyne","twitter_misc":{"Written by":"cloynens_wp"},"schema":{"@context":"https:\/\/schema.org","@graph":[{"@type":"Article","@id":"http:\/\/cloynens.com\/index.php\/2016\/03\/11\/la-glas-agus-ceili-mor\/#article","isPartOf":{"@id":"http:\/\/cloynens.com\/index.php\/2016\/03\/11\/la-glas-agus-ceili-mor\/"},"author":{"name":"cloynens_wp","@id":"http:\/\/cloynens.com\/#\/schema\/person\/5c7b4166d0fbed3c378cf70c9e82cf11"},"headline":"L\u00e1 Glas agus Ceil\u00ed M\u00f3r","datePublished":"2016-03-11T07:03:38+00:00","dateModified":"2016-03-10T23:39:41+00:00","mainEntityOfPage":{"@id":"http:\/\/cloynens.com\/index.php\/2016\/03\/11\/la-glas-agus-ceili-mor\/"},"wordCount":66,"publisher":{"@id":"http:\/\/cloynens.com\/#organization"},"keywords":["Gaeilge","seachtainnagaeilge"],"articleSection":["Gaeilge","Recent School News","Seachtain na Gaeilge"],"inLanguage":"en-GB"},{"@type":"WebPage","@id":"http:\/\/cloynens.com\/index.php\/2016\/03\/11\/la-glas-agus-ceili-mor\/","url":"http:\/\/cloynens.com\/index.php\/2016\/03\/11\/la-glas-agus-ceili-mor\/","name":"L\u00e1 Glas agus Ceil\u00ed M\u00f3r - St. Colman&#039;s National School","isPartOf":{"@id":"http:\/\/cloynens.com\/#website"},"datePublished":"2016-03-11T07:03:38+00:00","dateModified":"2016-03-10T23:39:41+00:00","breadcrumb":{"@id":"http:\/\/cloynens.com\/index.php\/2016\/03\/11\/la-glas-agus-ceili-mor\/#breadcrumb"},"inLanguage":"en-GB","potentialAction":[{"@type":"ReadAction","target":["http:\/\/cloynens.com\/index.php\/2016\/03\/11\/la-glas-agus-ceili-mor\/"]}]},{"@type":"BreadcrumbList","@id":"http:\/\/cloynens.com\/index.php\/2016\/03\/11\/la-glas-agus-ceili-mor\/#breadcrumb","itemListElement":[{"@type":"ListItem","position":1,"name":"Home","item":"http:\/\/cloynens.com\/"},{"@type":"ListItem","position":2,"name":"L\u00e1 Glas agus Ceil\u00ed M\u00f3r"}]},{"@type":"WebSite","@id":"http:\/\/cloynens.com\/#website","url":"http:\/\/cloynens.com\/","name":"St. Colman&#039;s National School","description":"Cloyne, Co.Cork","publisher":{"@id":"http:\/\/cloynens.com\/#organization"},"potentialAction":[{"@type":"SearchAction","target":{"@type":"EntryPoint","urlTemplate":"http:\/\/cloynens.com\/?s={search_term_string}"},"query-input":"required name=search_term_string"}],"inLanguage":"en-GB"},{"@type":"Organization","@id":"http:\/\/cloynens.com\/#organization","name":"St. Colman's National School","url":"http:\/\/cloynens.com\/","logo":{"@type":"ImageObject","inLanguage":"en-GB","@id":"http:\/\/cloynens.com\/#\/schema\/logo\/image\/","url":"http:\/\/cloynens.com\/wp-content\/uploads\/2022\/10\/cropped-logo-Cloyne.jpg","contentUrl":"http:\/\/cloynens.com\/wp-content\/uploads\/2022\/10\/cropped-logo-Cloyne.jpg","width":150,"height":150,"caption":"St. Colman's National School"},"image":{"@id":"http:\/\/cloynens.com\/#\/schema\/logo\/image\/"},"sameAs":["https:\/\/www.facebook.com\/stcolmanscloyne","https:\/\/twitter.com\/stcolmanscloyne"]},{"@type":"Person","@id":"http:\/\/cloynens.com\/#\/schema\/person\/5c7b4166d0fbed3c378cf70c9e82cf11","name":"cloynens_wp","image":{"@type":"ImageObject","inLanguage":"en-GB","@id":"http:\/\/cloynens.com\/#\/schema\/person\/image\/","url":"http:\/\/0.gravatar.com\/avatar\/f61c8c5c9b178818bf9dcb4c52eabc58?s=96&d=mm&r=g","contentUrl":"http:\/\/0.gravatar.com\/avatar\/f61c8c5c9b178818bf9dcb4c52eabc58?s=96&d=mm&r=g","caption":"cloynens_wp"},"url":"http:\/\/cloynens.com\/index.php\/author\/cloynens_wp\/"}]}},"_links":{"self":[{"href":"http:\/\/cloynens.com\/index.php\/wp-json\/wp\/v2\/posts\/1411"}],"collection":[{"href":"http:\/\/cloynens.com\/index.php\/wp-json\/wp\/v2\/posts"}],"about":[{"href":"http:\/\/cloynens.com\/index.php\/wp-json\/wp\/v2\/types\/post"}],"author":[{"embeddable":true,"href":"http:\/\/cloynens.com\/index.php\/wp-json\/wp\/v2\/users\/1"}],"replies":[{"embeddable":true,"href":"http:\/\/cloynens.com\/index.php\/wp-json\/wp\/v2\/comments?post=1411"}],"version-history":[{"count":2,"href":"http:\/\/cloynens.com\/index.php\/wp-json\/wp\/v2\/posts\/1411\/revisions"}],"predecessor-version":[{"id":1414,"href":"http:\/\/cloynens.com\/index.php\/wp-json\/wp\/v2\/posts\/1411\/revisions\/1414"}],"wp:attachment":[{"href":"http:\/\/cloynens.com\/index.php\/wp-json\/wp\/v2\/media?parent=1411"}],"wp:term":[{"taxonomy":"category","embeddable":true,"href":"http:\/\/cloynens.com\/index.php\/wp-json\/wp\/v2\/categories?post=1411"},{"taxonomy":"post_tag","embeddable":true,"href":"http:\/\/cloynens.com\/index.php\/wp-json\/wp\/v2\/tags?post=1411"}],"curies":[{"name":"wp","href":"https:\/\/api.w.org\/{rel}","templated":true}]}}